{"id":13,"date":"2021-10-29T15:25:00","date_gmt":"2021-10-29T13:25:00","guid":{"rendered":"https:\/\/wptest.unil.ch\/trpress\/?p=13"},"modified":"2021-10-29T15:25:00","modified_gmt":"2021-10-29T13:25:00","slug":"traduction","status":"publish","type":"post","link":"https:\/\/wptest.unil.ch\/trpress\/2021\/10\/29\/traduction\/","title":{"rendered":"Traduction"},"content":{"rendered":"\n<p>L\u2019Antiquit\u00e9 tardive est une expression utilis\u00e9e pour d\u00e9signer une p\u00e9riode de l\u2019histoire europ\u00e9enne et m\u00e9diterran\u00e9enne qui commence \u00e0 la fin du IIIe si\u00e8cle mais dont le terme est beaucoup plus flou. Elle n\u2019est employ\u00e9e qu\u2019en r\u00e9f\u00e9rence aux pays ayant appartenu au monde romain : les r\u00e9gions d\u2019Europe occidentale, orientale et m\u00e9ridionale, d\u2019Asie et d\u2019Afrique autour du bassin m\u00e9diterran\u00e9en mais se prolonge bien au-del\u00e0 de la fin de l\u2019Empire romain d\u2019Occident en 476.<\/p>\n","protected":false},"excerpt":{"rendered":"<p>L\u2019Antiquit\u00e9 tardive est une expression utilis\u00e9e pour d\u00e9signer une p\u00e9riode de l\u2019histoire europ\u00e9enne et m\u00e9diterran\u00e9enne qui commence \u00e0 la fin du IIIe si\u00e8cle mais dont le terme est beaucoup plus flou. Elle n\u2019est employ\u00e9e qu\u2019en r\u00e9f\u00e9rence aux pays ayant appartenu au monde romain : les r\u00e9gions d\u2019Europe occidentale, orientale et m\u00e9ridionale, d\u2019Asie et d\u2019Afrique autour&hellip; <a class=\"more-link\" href=\"https:\/\/wptest.unil.ch\/trpress\/2021\/10\/29\/traduction\/\">Continue reading <span class=\"screen-reader-text\">Traduction<\/span><\/a><\/p>\n","protected":false},"author":1,"featured_media":0,"comment_status":"open","ping_status":"open","sticky":false,"template":"","format":"standard","meta":{"_seopress_robots_primary_cat":"","_seopress_titles_title":"","_seopress_titles_desc":"","_seopress_robots_index":"","footnotes":""},"categories":[1],"tags":[],"class_list":{"0":"post-13","1":"post","2":"type-post","3":"status-publish","4":"format-standard","6":"category-non-classe","7":"entry"},"_links":{"self":[{"href":"https:\/\/wptest.unil.ch\/trpress\/wp-json\/wp\/v2\/posts\/13","targetHints":{"allow":["GET"]}}],"collection":[{"href":"https:\/\/wptest.unil.ch\/trpress\/wp-json\/wp\/v2\/posts"}],"about":[{"href":"https:\/\/wptest.unil.ch\/trpress\/wp-json\/wp\/v2\/types\/post"}],"author":[{"embeddable":true,"href":"https:\/\/wptest.unil.ch\/trpress\/wp-json\/wp\/v2\/users\/1"}],"replies":[{"embeddable":true,"href":"https:\/\/wptest.unil.ch\/trpress\/wp-json\/wp\/v2\/comments?post=13"}],"version-history":[{"count":0,"href":"https:\/\/wptest.unil.ch\/trpress\/wp-json\/wp\/v2\/posts\/13\/revisions"}],"wp:attachment":[{"href":"https:\/\/wptest.unil.ch\/trpress\/wp-json\/wp\/v2\/media?parent=13"}],"wp:term":[{"taxonomy":"category","embeddable":true,"href":"https:\/\/wptest.unil.ch\/trpress\/wp-json\/wp\/v2\/categories?post=13"},{"taxonomy":"post_tag","embeddable":true,"href":"https:\/\/wptest.unil.ch\/trpress\/wp-json\/wp\/v2\/tags?post=13"}],"curies":[{"name":"wp","href":"https:\/\/api.w.org\/{rel}","templated":true}]}}